{"id":1146,"date":"2023-08-05T15:27:33","date_gmt":"2023-08-05T15:27:33","guid":{"rendered":"https:\/\/rythmeetdanse.ca\/?p=1146"},"modified":"2023-08-05T15:27:35","modified_gmt":"2023-08-05T15:27:35","slug":"inscriptions-session-2023-2024","status":"publish","type":"post","link":"https:\/\/rythmeetdanse.ca\/index.php\/2023\/08\/05\/inscriptions-session-2023-2024\/","title":{"rendered":"Inscriptions &#8211; Session 2023-2024"},"content":{"rendered":"\n<p>Inscription pour les <em>anciens \u00e9l\u00e8ves<\/em> d\u00e8s le <strong>10 ao\u00fbt <\/strong>prochain.<\/p>\n\n\n\n<p>Inscription <em>pour tous <\/em>\u00e0 partir du <strong>14 ao\u00fbt,<\/strong> et ce, jusqu&rsquo;au 9 septembre 2023.<\/p>\n\n\n\n<p><mark style=\"background-color:rgba(0, 0, 0, 0)\" class=\"has-inline-color has-vivid-cyan-blue-color\">Plus d&rsquo;informations sur notre site Internet et sur la plateforme Amilia.<\/mark><\/p>\n","protected":false},"excerpt":{"rendered":"<p>Inscription pour les anciens \u00e9l\u00e8ves d\u00e8s le 10 ao\u00fbt prochain. Inscription pour tous \u00e0 partir du 14 ao\u00fbt, et ce, jusqu&rsquo;au 9 septembre 2023. Plus d&rsquo;informations sur notre site Internet et sur la plateforme Amilia.<\/p>\n","protected":false},"author":1,"featured_media":0,"comment_status":"closed","ping_status":"closed","sticky":true,"template":"","format":"standard","meta":{"footnotes":""},"categories":[8,14],"tags":[15,5,16],"_links":{"self":[{"href":"https:\/\/rythmeetdanse.ca\/index.php\/wp-json\/wp\/v2\/posts\/1146"}],"collection":[{"href":"https:\/\/rythmeetdanse.ca\/index.php\/wp-json\/wp\/v2\/posts"}],"about":[{"href":"https:\/\/rythmeetdanse.ca\/index.php\/wp-json\/wp\/v2\/types\/post"}],"author":[{"embeddable":true,"href":"https:\/\/rythmeetdanse.ca\/index.php\/wp-json\/wp\/v2\/users\/1"}],"replies":[{"embeddable":true,"href":"https:\/\/rythmeetdanse.ca\/index.php\/wp-json\/wp\/v2\/comments?post=1146"}],"version-history":[{"count":1,"href":"https:\/\/rythmeetdanse.ca\/index.php\/wp-json\/wp\/v2\/posts\/1146\/revisions"}],"predecessor-version":[{"id":1147,"href":"https:\/\/rythmeetdanse.ca\/index.php\/wp-json\/wp\/v2\/posts\/1146\/revisions\/1147"}],"wp:attachment":[{"href":"https:\/\/rythmeetdanse.ca\/index.php\/wp-json\/wp\/v2\/media?parent=1146"}],"wp:term":[{"taxonomy":"category","embeddable":true,"href":"https:\/\/rythmeetdanse.ca\/index.php\/wp-json\/wp\/v2\/categories?post=1146"},{"taxonomy":"post_tag","embeddable":true,"href":"https:\/\/rythmeetdanse.ca\/index.php\/wp-json\/wp\/v2\/tags?post=1146"}],"curies":[{"name":"wp","href":"https:\/\/api.w.org\/{rel}","templated":true}]}}